{"id":56,"date":"2020-09-09T11:01:44","date_gmt":"2020-09-09T09:01:44","guid":{"rendered":"http:\/\/www.luxschoul.lu\/?p=56"},"modified":"2020-09-09T11:01:45","modified_gmt":"2020-09-09T09:01:45","slug":"ancien-site-internet","status":"publish","type":"post","link":"https:\/\/www.luxschoul.lu\/index.php\/2020\/09\/09\/ancien-site-internet\/","title":{"rendered":"Ancien site internet"},"content":{"rendered":"\n<h2 class=\"wp-block-heading\"><a href=\"http:\/\/www.communiquersansfrontieres.com\/?p=204\">les inscriptions pour la rentr\u00e9e de septembre 2019 sont ouvertes !<\/a><\/h2>\n\n\n\n<p>D\u00e9but des cours&nbsp;:&nbsp;&nbsp;jeudi 19 septembre 2019<\/p>\n\n\n\n<p>Cours pour adultes :<\/p>\n\n\n\n<p>luxembourgeois&nbsp;&nbsp;A1 (d\u00e9butant) &nbsp; &nbsp; &nbsp; &nbsp; &nbsp;8 personnes &nbsp; &nbsp;lundi et jeudi de 18h30 \u00e0 19h15 (2 fois 40min.)<br>luxembourgeois&nbsp;&nbsp;A2 (2\u00e8me&nbsp;ann\u00e9e) &nbsp; &nbsp;6 personnes &nbsp; &nbsp;mercredi 19h15 \u00e0 20h15 (1h)<br>luxembourgeois&nbsp;&nbsp;B1 (2\u00e8me&nbsp;ann\u00e9e) &nbsp; &nbsp;6 personnes &nbsp; &nbsp;jeudi 19h15 \u00e0 20h15 (1h)<br>luxembourgeois&nbsp;&nbsp;B2 (3\u00e8me&nbsp;ann\u00e9e) &nbsp; &nbsp;6 personnes &nbsp; &nbsp;lundi 19h15 \u00e0 20h15 (1h)<\/p>\n\n\n\n<p>Les cours d\u2019allemand sont suspendus faute de participants en nombre suffisant.<\/p>\n\n\n\n<p>Des cours individuels, ponctuels, de remise \u00e0 niveau, pr\u00e9paration aux certifications officielles sont possibles sur rendez-vous.<\/p>\n\n\n\n<p>Tarifs\/Paiement<\/p>\n\n\n\n<p>Cours de 1h par semaine&nbsp;: 480 \u20ac par an, soit 160 \u20ac par trimestre<br>Cours de 2 fois 40 minutes par semaine&nbsp;: 585 \u20ac par an, soit 195 \u20ac par trimestre&nbsp;<\/p>\n\n\n\n<p>Formulaire d&rsquo;inscription :&nbsp;<\/p>\n\n\n\n<p><a href=\"http:\/\/www.communiquersansfrontieres.com\/wp-content\/uploads\/2019\/07\/inscription-2019-1.docx\">inscription 2019<\/a>Publi\u00e9 par<a href=\"http:\/\/www.communiquersansfrontieres.com\/?author=2\">Nadia Zimmer<\/a><a href=\"http:\/\/www.communiquersansfrontieres.com\/?p=204\"><time datetime=\"2019-07-05T17:45:02+01:00\">5 juillet 2019<\/time>Publi\u00e9 dans<\/a><a href=\"http:\/\/www.communiquersansfrontieres.com\/?cat=1\">Non class\u00e9<\/a><a href=\"http:\/\/www.communiquersansfrontieres.com\/?p=204#respond\">Laisser un commentairesur les inscriptions pour la rentr\u00e9e de septembre 2019 sont ouvertes !<\/a><\/p>\n\n\n\n<h2 class=\"wp-block-heading\"><a href=\"http:\/\/www.communiquersansfrontieres.com\/?p=199\">cours intensifs d\u2019\u00e9t\u00e9 2019 \u2013 les inscriptions sont ouvertes !<\/a><\/h2>\n\n\n\n<p><br><strong>Cours intensifs d\u2019\u00e9t\u00e9&nbsp;: LUXEMBOURGEOIS<\/strong><\/p>\n\n\n\n<p>Du 1er&nbsp;au 12&nbsp;juillet 2019<\/p>\n\n\n\n<p><strong>OBJECTIF<\/strong><\/p>\n\n\n\n<ul><li>atteindre le niveau A1 (programme officiel) en deux semaines de travail intensif<\/li><li>\u00eatre capable d\u2019\u00e9changer en luxembourgeois sur des phrases simples de la vie courante<\/li><li>facultativement, s\u2019inscrire directement au cours de 2<sup>\u00e8me<\/sup>ann\u00e9e (\u00e0 la rentr\u00e9e de septembre 2019)<\/li><\/ul>\n\n\n\n<p><strong>MODALITES<\/strong><\/p>\n\n\n\n<ul><li>2 semaines de formation du 1er&nbsp;au 12&nbsp;juillet 2019<\/li><li>du lundi au vendredi de 8h45&nbsp;\u00e0 16h00 (pauses incluses),<\/li><li>la formation compl\u00e8te comprend 55 heures de formation<\/li><li>formation en petit groupe de maximum 8 personnes<\/li><li>prix&nbsp;de la formation&nbsp;: 640 \u20ac<\/li><li>une attestation vous sera remise en fin de formation<\/li><\/ul>\n\n\n\n<p><strong>Mat\u00e9riel&nbsp;n\u00e9cessaire :<\/strong><\/p>\n\n\n\n<ul><li>manuel \u00ab&nbsp;Schw\u00e4tzt Dir l\u00ebtzebuergesch?&nbsp;\u00bb niveau A1 (\u00e0 acheter sur place si besoin)<\/li><li>une&nbsp;<em>Lernbox&nbsp;<\/em>(fournie)<\/li><li>prononciation&nbsp;: classeur souple, polycopi\u00e9s et audios de prononciation (fournis)<\/li><li>un moyen d\u2019\u00e9couter des audios, p.ex. lecteur mp3, t\u00e9l\u00e9phone portable, tablette ou ordinateur portable et un casque (fourni sur demande \u00e0 l\u2019avance)<\/li><\/ul>\n\n\n\n<p>Pour vous inscrire, voici le formulaire \u00e0 t\u00e9l\u00e9charger:<\/p>\n\n\n\n<p><a href=\"http:\/\/www.communiquersansfrontieres.com\/wp-content\/uploads\/2019\/04\/formulaire-dinscription-2019.doc\">formulaire d&rsquo;inscription 2019<\/a><\/p>\n\n\n\n<p><strong>PROGRAMME<\/strong><\/p>\n\n\n\n<p><strong>1<sup>\u00e8re<\/sup>semaine<\/strong><\/p>\n\n\n\n<figure class=\"wp-block-table\"><table><tbody><tr><td><strong>Langage&nbsp;<\/strong><\/td><td><strong>Contenu et grammaire<\/strong><\/td><td><strong>comp\u00e9tence<\/strong><\/td><\/tr><tr><td>Prononciation<\/td><td>Les sonsLa rythmique de la langue<\/td><td>Comprendre comment sont form\u00e9s les sons et prononcer correctement<\/td><\/tr><tr><td>Bonjour&nbsp;! Aurevoir&nbsp;! (variantes)Comment allez-vous&nbsp;?<\/td><td>Verbe \u00eatreLes articles d\u00e9finis<\/td><td>SaluerTutoyer et vouvoyer<\/td><\/tr><tr><td>Qui est-ce&nbsp;?D\u2019o\u00f9 venez-vous&nbsp;?O\u00f9 habitez-vous&nbsp;?Quelles langues parlez-vous&nbsp;?<\/td><td>Pays, langues, nationalit\u00e9sCouleursL\u2019alphabetVerbe habiter et venir<\/td><td>Se pr\u00e9senter et parler de soiEpelerPoser des questions et r\u00e9pondre (affirmatif et n\u00e9gatif)<\/td><\/tr><tr><td>Quel est votre num\u00e9ro de t\u00e9l\u00e9phone&nbsp;?<\/td><td>Chiffres cardinaux<\/td><td>Savoir compterDonner un num\u00e9ro de t\u00e9l\u00e9phone<\/td><\/tr><tr><td>Etes-vous mari\u00e9&nbsp;?Quelle est votre situation familiale&nbsp;?<\/td><td>Vocabulaire sp\u00e9cifique de la situation familiale<\/td><td>Verbe avoir<\/td><\/tr><tr><td>Comment dit-on&nbsp;\u2026&nbsp;?<\/td><td>Adjectifs<\/td><td>D\u00e9crire une personne et un objetD\u00e9crire le mot qui me manque<\/td><\/tr><\/tbody><\/table><\/figure>\n\n\n\n<p><strong>2<sup>\u00e8me<\/sup>semaine<\/strong><\/p>\n\n\n\n<figure class=\"wp-block-table\"><table><tbody><tr><td><strong>Langage&nbsp;<\/strong><\/td><td><strong>Contenu<\/strong><\/td><td><strong>Grammaire et comp\u00e9tence<\/strong><\/td><\/tr><tr><td>Quel est votre m\u00e9tier&nbsp;?<\/td><td>M\u00e9tiers, activit\u00e9s professionnelles<\/td><td>Masculin et f\u00e9minin dans les m\u00e9tiersVerbe r\u00e9gulier travailler<\/td><\/tr><tr><td>O\u00f9 travaillez-vous&nbsp;?<\/td><td>Lieux de travail<\/td><td>Pr\u00e9positionsArticles ind\u00e9finis d\u00e9clin\u00e9s en&nbsp;<em>Dativ<\/em><\/td><\/tr><tr><td>Comment allez-vous travailler&nbsp;?<\/td><td>Moyens de transport<\/td><td>Pr\u00e9positionsArticles d\u00e9finis d\u00e9clin\u00e9s en&nbsp;<em>Dativ<\/em>Verbe irr\u00e9gulier aller, rouler<\/td><\/tr><tr><td>Quelle est votre date de naissance&nbsp;?<\/td><td>Chiffres ordinauxLes saisons, mois, ann\u00e9es<\/td><td>Parler d\u2019anniversaires, de dates, de f\u00eates et jours f\u00e9ri\u00e9s<\/td><\/tr><tr><td>Quelle heure est-il&nbsp;?Quand travaillez-vous&nbsp;?<\/td><td>Heure, moments de la journ\u00e9e, jours de la semaineDe \u2026 \u00e0 \u2026<\/td><td>Donner l\u2019heurePrendre un rendez-vous<\/td><\/tr><tr><td>Quels sont vos loisirs&nbsp;?<\/td><td>Les activit\u00e9s de loisir<\/td><td>Parler de ses loisirs<\/td><\/tr><tr><td>Qu\u2019aimez-vous faire&nbsp;?Comment et \u00e0 quelle fr\u00e9quence le faites-vous&nbsp;?<\/td><td>Aimer, ne pas aimerFr\u00e9quence (jamais \u00e0 toujours)Verbes faire, boire, manger<\/td><td>Exprimer ce qu\u2019on aime ou pas<\/td><\/tr><tr><td>Que faites-vous ce weekend&nbsp;?Que faites-vous en vacances&nbsp;?<\/td><td>M\u00e9t\u00e9o<\/td><td>Parler du d\u00e9roulement d\u2019une journ\u00e9e<\/td><\/tr><\/tbody><\/table><\/figure>\n\n\n\n<p><strong><em>Informations importantes et recommandations<\/em><\/strong><\/p>\n\n\n\n<p><strong>Si vous travaillez au Grand-Duch\u00e9, sachez que cette formation en langue luxembourgeoise donne droit au cong\u00e9 d\u2019\u00e9ducation. Vous ne perdrez donc pas tous vos jours de cong\u00e9 !<\/strong><\/p>\n\n\n\n<p>Le paiement est d\u00fb \u00e0 l\u2019inscription, faute de quoi, votre place ne peut \u00eatre r\u00e9serv\u00e9e.<\/p>\n\n\n\n<p>Afin de profiter pleinement d\u2019une formation intensive, nous vous recommandons de :<\/p>\n\n\n\n<ol><li>prendre cong\u00e9 ou en tout cas, \u00eatre tr\u00e8s disponible pendant les semaines de cours&nbsp;<\/li><\/ol>\n\n\n\n<p>Des cours intensifs ne sont pas compatibles avec un travail durant la m\u00eame p\u00e9riode, car ils demandent une grande concentration. Afin d\u2019\u00eatre dans les meilleures dispositions, mieux vaut \u00e9galement veiller \u00e0 avoir une bonne hygi\u00e8ne de vie durant cette p\u00e9riode.<\/p>\n\n\n\n<ol><li>\u00catre pr\u00eat \u00e0 fournir un travail personnel r\u00e9gulier<\/li><\/ol>\n\n\n\n<p>Un travail personnel (en plus des cours) estim\u00e9 \u00e0 1 heure par jour (variable d\u2019une personne \u00e0 l\u2019autre) sera n\u00e9cessaire pour bien assimiler la mati\u00e8re et renforcer les acquis. Il s\u2019agit principalement d\u2019apprendre le vocabulaire. Sans cet investissement, les r\u00e9sultats risquent de ne pas \u00eatre au rendez-vous.&nbsp;<\/p>\n\n\n\n<ol><li>Mettre \u00e0 profit son temps libre pour s\u2019immerger dans la langue<\/li><\/ol>\n\n\n\n<p>Votre travail sur la langue sera d\u2019autant plus efficace, si vous entendez et devez pratiquer la langue quotidiennement. Pr\u00e9voyez donc vos sorties au Luxembourg (faire des achats au march\u00e9 ou au supermarch\u00e9, pr\u00e9voir des sorties\/visites guid\u00e9es, faire du sport, etc.). &nbsp;Publi\u00e9 par<a href=\"http:\/\/www.communiquersansfrontieres.com\/?author=2\">Nadia Zimmer<\/a><a href=\"http:\/\/www.communiquersansfrontieres.com\/?p=199\"><time datetime=\"2019-04-22T16:21:54+01:00\">22 avril 2019<\/time><\/a>Publi\u00e9 dans<a href=\"http:\/\/www.communiquersansfrontieres.com\/?cat=1\">Non class\u00e9<\/a><a href=\"http:\/\/www.communiquersansfrontieres.com\/?p=199#respond\">Laisser un commentairesur cours intensifs d\u2019\u00e9t\u00e9 2019 \u2013 les inscriptions sont ouvertes !<\/a><\/p>\n\n\n\n<h2 class=\"wp-block-heading\"><a href=\"http:\/\/www.communiquersansfrontieres.com\/?p=190\">Invitatioun op eng l\u00ebtzebuergesch TUPPERWARE Party<\/a><\/h2>\n\n\n\n<p>Dir sidd h\u00e4erzlech invit\u00e9iert op eng l\u00ebtzebuergesch TUPPERWARE Party!<\/p>\n\n\n\n<h2 class=\"wp-block-heading\">M\u00e9indeg den 17. September<br>oder Freideg de 5. Oktober<br>Um 19.30 Auer, 4 place du March\u00e9 zu Siirk (Am Courslokal)<\/h2>\n\n\n\n<p>\u2013&nbsp;&nbsp; &nbsp;D\u2019R\u00e9unioun g\u00ebtt ganz op L\u00ebtzebuergesch gehalen<br>\u2013&nbsp;&nbsp; &nbsp;E klenge W\u00ebllkommenscadeau ass natierlech virgesinn<br>\u2013&nbsp;&nbsp; &nbsp;Tupperware extra fir iech r\u00e9duz\u00e9iert<\/p>\n\n\n\n<p>D\u00e9i Aktivit\u00e9it ass organis\u00e9iert fir d\u00e9i d\u00e9i g\u00e4r l\u00ebtzebuergesch schw\u00e4tzen a mat der Sprooch Kontakt hunn.&nbsp;Dir musst n\u00e4ischt kafen ! Dir d\u00e4erft och g\u00e4r eng Persoun (Fr\u00ebnn, Famill, asw.) matbr\u00e9ngen.<br>Sot eis Bescheed wann Dir komme w\u00ebllt&nbsp;(och w\u00e9ivill Persounen dir sidd). Mir free\u00ebn eis!Publi\u00e9 par<a href=\"http:\/\/www.communiquersansfrontieres.com\/?author=2\">Nadia Zimmer<\/a><a href=\"http:\/\/www.communiquersansfrontieres.com\/?p=190\"><time datetime=\"2018-09-04T11:37:14+01:00\">4 septembre 2018<\/time><\/a>Publi\u00e9 dans<a href=\"http:\/\/www.communiquersansfrontieres.com\/?cat=1\">Non class\u00e9<\/a><a href=\"http:\/\/www.communiquersansfrontieres.com\/?p=190#respond\">Laisser un commentairesur Invitatioun op eng l\u00ebtzebuergesch TUPPERWARE Party<\/a><\/p>\n\n\n\n<h2 class=\"wp-block-heading\"><a href=\"http:\/\/www.communiquersansfrontieres.com\/?p=185\">Tupperware Party auf Deutsch!<\/a><\/h2>\n\n\n\n<p>Liebe Freunde \/ Kunden \/ Bekannte,<\/p>\n\n\n\n<p>Hiermit lade ich euch auf meine Tupperwareparty ein, die extra f\u00fcr euch auf deutsch mit deutschen Produkten bei mir im Lokal veranstaltet wird<\/p>\n\n\n\n<p><strong>am Freitag den 17. August um 19.30 Uhr<\/strong><\/p>\n\n\n\n<p>Vorteil f\u00fcr euch&nbsp;:<\/p>\n\n\n\n<ul><li>Jutta, unsere Tupperware Dame aus Deutschland bereitet extra etwas vor<\/li><li>Ein kleines Willkomen-Geschenk von Tupperware<\/li><li>Und, weil ihr mich kennt, einen netten Abend ganz auf Deutsch!<\/li><\/ul>\n\n\n\n<p>Und nat\u00fcrlich Tupperware Produkte aus Deutschland, teils billiger als in Frankreich und mit exklusiven Produkten in der bew\u00e4hrter Tupperware Qualit\u00e4t.Publi\u00e9 par<a href=\"http:\/\/www.communiquersansfrontieres.com\/?author=2\">Nadia Zimmer<\/a><a href=\"http:\/\/www.communiquersansfrontieres.com\/?p=185\"><time datetime=\"2018-08-03T17:29:57+01:00\">3 ao\u00fbt 2018<\/time>Publi\u00e9 dans<\/a><a href=\"http:\/\/www.communiquersansfrontieres.com\/?cat=1\">Non class\u00e9<\/a><a href=\"http:\/\/www.communiquersansfrontieres.com\/?p=185#respond\">Laisser un commentairesur Tupperware Party auf Deutsch!<\/a><\/p>\n\n\n\n<h2 class=\"wp-block-heading\"><a href=\"http:\/\/www.communiquersansfrontieres.com\/?p=177\">les inscriptions pour la rentr\u00e9e 2018 sont ouvertes !<\/a><\/h2>\n\n\n\n<p><strong><em>D\u00e9but des cours&nbsp;:&nbsp;&nbsp;&nbsp;&nbsp;<\/em><\/strong><strong><em>mercredi 19&nbsp;septembre 2018<\/em><\/strong><\/p>\n\n\n\n<p><strong><em>Cours pour les adultes:<\/em><\/strong><br>luxembourgeois &nbsp;&nbsp;&nbsp;&nbsp;&nbsp;&nbsp;&nbsp;&nbsp; A1 (d\u00e9butant) &nbsp; &nbsp; &nbsp; &nbsp; &nbsp; &nbsp; &nbsp;&nbsp; &nbsp; lundi et jeudi de 18h30 \u00e0 19h10<br>luxembourgeois&nbsp;&nbsp;&nbsp;&nbsp;&nbsp;&nbsp;&nbsp;&nbsp;&nbsp; A2 (2<sup>\u00e8me&nbsp;<\/sup>ann\u00e9e)&nbsp;&nbsp;&nbsp;&nbsp;&nbsp;&nbsp;&nbsp;&nbsp;&nbsp;&nbsp;&nbsp;&nbsp;&nbsp;jeudi 19h15 \u00e0 20h15<br>luxembourgeois &nbsp;&nbsp;&nbsp;&nbsp;&nbsp;&nbsp;&nbsp;&nbsp; A2&nbsp;(2<sup>\u00e8me<\/sup>ann\u00e9e) &nbsp; &nbsp; &nbsp; &nbsp; &nbsp; &nbsp; &nbsp;mercredi&nbsp;de 18h00 \u00e0 19h30<br>luxembourgeois &nbsp;&nbsp;&nbsp;&nbsp;&nbsp;&nbsp;&nbsp;&nbsp; B1&nbsp;(3<sup>\u00e8me<\/sup>ann\u00e9e) &nbsp; &nbsp; &nbsp; &nbsp; &nbsp; &nbsp; &nbsp;lundi de 19h15&nbsp;\u00e0 20h15<br>luxembourgeois&nbsp;&nbsp;&nbsp;&nbsp;&nbsp;&nbsp;&nbsp;&nbsp;&nbsp; B2 (4<sup>\u00e8me<\/sup>ann\u00e9e)&nbsp;&nbsp;&nbsp;&nbsp;&nbsp;&nbsp;&nbsp;&nbsp;&nbsp;&nbsp;&nbsp;&nbsp;&nbsp;&nbsp;mardi de 18h30 \u00e0 19h30<\/p>\n\n\n\n<p>Une r\u00e9union d\u2019information et d\u2019inscription aura lieu&nbsp;le<\/p>\n\n\n\n<p><strong>mercredi 5 septembre&nbsp;\u00e0 20 heures<\/strong><\/p>\n\n\n\n<p>Les cours d\u2019allemand sont suspendus faute de participants en nombre suffisant.<\/p>\n\n\n\n<p>Des cours individuels, ponctuels, de remise \u00e0 niveau, pr\u00e9paration aux certifications officielles sont possibles sur rendez-vous.<\/p>\n\n\n\n<p><strong><em>Tarifs\/Paiement<\/em><\/strong><br>Cours de 1 heure par semaine&nbsp;: 480 \u20ac par an, soit 160 \u20ac par trimestre<br>Cours de 80 minutes par semaine&nbsp;: 585 \u20ac par an, soit 195 \u20ac par trimestre<br>Cours de 90 minutes par semaine : 690 \u20ac par an, soit 230 \u20ac par trimestre<\/p>\n\n\n\n<p>Vous pouvez \u00e9galement t\u00e9l\u00e9charger le formulaire d&rsquo;inscription ici :&nbsp;<a href=\"http:\/\/www.communiquersansfrontieres.com\/wp-content\/uploads\/2018\/07\/inscription-2018-1.pdf\">inscription 2018<\/a>Publi\u00e9 par<a href=\"http:\/\/www.communiquersansfrontieres.com\/?author=2\">Nadia Zimmer<\/a><a href=\"http:\/\/www.communiquersansfrontieres.com\/?p=177\"><time datetime=\"2018-07-04T21:48:13+01:00\">4 juillet 2018<\/time>Publi\u00e9 dans<\/a><a href=\"http:\/\/www.communiquersansfrontieres.com\/?cat=1\">Non class\u00e9<\/a><a href=\"http:\/\/www.communiquersansfrontieres.com\/?p=177#respond\">Laisser un commentairesur les inscriptions pour la rentr\u00e9e 2018 sont ouvertes !<\/a><\/p>\n\n\n\n<h2 class=\"wp-block-heading\"><a href=\"http:\/\/www.communiquersansfrontieres.com\/?p=159\">cours intensifs d\u2019\u00e9t\u00e9 2018 \u2013 les inscriptions sont ouvertes !<\/a><\/h2>\n\n\n\n<p><br><strong>Cours intensifs d\u2019\u00e9t\u00e9&nbsp;: LUXEMBOURGEOIS<\/strong><\/p>\n\n\n\n<p>Du 2&nbsp;au 13&nbsp;juillet 2018<\/p>\n\n\n\n<p><strong>OBJECTIF<\/strong><\/p>\n\n\n\n<ul><li>atteindre le niveau A1 (programme officiel) en deux semaines de travail intensif<\/li><li>\u00eatre capable d\u2019\u00e9changer en luxembourgeois sur des phrases simples de la vie courante<\/li><li>facultativement, s\u2019inscrire directement au cours de 2<sup>\u00e8me<\/sup>ann\u00e9e (\u00e0 la rentr\u00e9e de septembre 2018)<\/li><\/ul>\n\n\n\n<p><strong>MODALITES<\/strong><\/p>\n\n\n\n<ul><li>2 semaines de formation du 2 au 13 juillet 2018<\/li><li>du lundi au vendredi de 8h40 \u00e0 16h00 (pauses incluses),<\/li><li>la formation compl\u00e8te comprend 55 heures de formation<\/li><li>formation en petit groupe de maximum 8 personnes<\/li><li>prix&nbsp;de la formation&nbsp;: 640 \u20ac<\/li><li>une attestation vous sera remise en fin de formation<\/li><\/ul>\n\n\n\n<p><strong>Mat\u00e9riel&nbsp;n\u00e9cessaire :<\/strong><\/p>\n\n\n\n<ul><li>manuel \u00ab&nbsp;Schw\u00e4tzt Dir l\u00ebtzebuergesch?&nbsp;\u00bb niveau A1 (\u00e0 acheter sur place si besoin)<\/li><li>une&nbsp;<em>Lernbox&nbsp;<\/em>(fournie)<\/li><li>prononciation&nbsp;: classeur souple, polycopi\u00e9s et audios de prononciation (fournis)<\/li><li>un moyen d\u2019\u00e9couter des audios, p.ex. lecteur mp3, t\u00e9l\u00e9phone portable, tablette ou ordinateur portable et un casque (fourni sur demande \u00e0 l\u2019avance)<\/li><\/ul>\n\n\n\n<p>Pour vous inscrire, voici le formulaire \u00e0 t\u00e9l\u00e9charger:<\/p>\n\n\n\n<p><a href=\"http:\/\/www.communiquersansfrontieres.com\/wp-content\/uploads\/2018\/04\/formulaire-dinscription-2018.pdf\">formulaire d&rsquo;inscription 2018<\/a><\/p>\n\n\n\n<p><strong>PROGRAMME<\/strong><\/p>\n\n\n\n<p><strong>1<sup>\u00e8re<\/sup>semaine<\/strong><\/p>\n\n\n\n<figure class=\"wp-block-table\"><table><tbody><tr><td><strong>Langage&nbsp;<\/strong><\/td><td><strong>Contenu et grammaire<\/strong><\/td><td><strong>comp\u00e9tence<\/strong><\/td><\/tr><tr><td>Prononciation<\/td><td>Les sonsLa rythmique de la langue<\/td><td>Comprendre comment sont form\u00e9s les sons et prononcer correctement<\/td><\/tr><tr><td>Bonjour&nbsp;! Aurevoir&nbsp;! (variantes)Comment allez-vous&nbsp;?<\/td><td>Verbe \u00eatreLes articles d\u00e9finis<\/td><td>SaluerTutoyer et vouvoyer<\/td><\/tr><tr><td>Qui est-ce&nbsp;?D\u2019o\u00f9 venez-vous&nbsp;?O\u00f9 habitez-vous&nbsp;?Quelles langues parlez-vous&nbsp;?<\/td><td>Pays, langues, nationalit\u00e9sCouleursL\u2019alphabetVerbe habiter et venir<\/td><td>Se pr\u00e9senter et parler de soiEpelerPoser des questions et r\u00e9pondre (affirmatif et n\u00e9gatif)<\/td><\/tr><tr><td>Quel est votre num\u00e9ro de t\u00e9l\u00e9phone&nbsp;?<\/td><td>Chiffres cardinaux<\/td><td>Savoir compterDonner un num\u00e9ro de t\u00e9l\u00e9phone<\/td><\/tr><tr><td>Etes-vous mari\u00e9&nbsp;?Quelle est votre situation familiale&nbsp;?<\/td><td>Vocabulaire sp\u00e9cifique de la situation familiale<\/td><td>Verbe avoir<\/td><\/tr><tr><td>Comment dit-on&nbsp;\u2026&nbsp;?<\/td><td>Adjectifs<\/td><td>D\u00e9crire une personne et un objetD\u00e9crire le mot qui me manque<\/td><\/tr><\/tbody><\/table><\/figure>\n\n\n\n<p><strong>2<sup>\u00e8me<\/sup>semaine<\/strong><\/p>\n\n\n\n<figure class=\"wp-block-table\"><table><tbody><tr><td><strong>Langage&nbsp;<\/strong><\/td><td><strong>Contenu<\/strong><\/td><td><strong>Grammaire et comp\u00e9tence<\/strong><\/td><\/tr><tr><td>Quel est votre m\u00e9tier&nbsp;?<\/td><td>M\u00e9tiers, activit\u00e9s professionnelles<\/td><td>Masculin et f\u00e9minin dans les m\u00e9tiersVerbe r\u00e9gulier travailler<\/td><\/tr><tr><td>O\u00f9 travaillez-vous&nbsp;?<\/td><td>Lieux de travail<\/td><td>Pr\u00e9positionsArticles ind\u00e9finis d\u00e9clin\u00e9s en&nbsp;<em>Dativ<\/em><\/td><\/tr><tr><td>Comment allez-vous travailler&nbsp;?<\/td><td>Moyens de transport<\/td><td>Pr\u00e9positionsArticles d\u00e9finis d\u00e9clin\u00e9s en&nbsp;<em>Dativ<\/em>Verbe irr\u00e9gulier aller, rouler<\/td><\/tr><tr><td>Quelle est votre date de naissance&nbsp;?<\/td><td>Chiffres ordinauxLes saisons, mois, ann\u00e9es<\/td><td>Parler d\u2019anniversaires, de dates, de f\u00eates et jours f\u00e9ri\u00e9s<\/td><\/tr><tr><td>Quelle heure est-il&nbsp;?Quand travaillez-vous&nbsp;?<\/td><td>Heure, moments de la journ\u00e9e, jours de la semaineDe \u2026 \u00e0 \u2026<\/td><td>Donner l\u2019heurePrendre un rendez-vous<\/td><\/tr><tr><td>Quels sont vos loisirs&nbsp;?<\/td><td>Les activit\u00e9s de loisir<\/td><td>Parler de ses loisirs<\/td><\/tr><tr><td>Qu\u2019aimez-vous faire&nbsp;?Comment et \u00e0 quelle fr\u00e9quence le faites-vous&nbsp;?<\/td><td>Aimer, ne pas aimerFr\u00e9quence (jamais \u00e0 toujours)Verbes faire, boire, manger<\/td><td>Exprimer ce qu\u2019on aime ou pas<\/td><\/tr><tr><td>Que faites-vous ce weekend&nbsp;?Que faites-vous en vacances&nbsp;?<\/td><td>M\u00e9t\u00e9o<\/td><td>Parler du d\u00e9roulement d\u2019une journ\u00e9e<\/td><\/tr><\/tbody><\/table><\/figure>\n\n\n\n<p><strong><em>Informations importantes et recommandations<\/em><\/strong><\/p>\n\n\n\n<p><strong>Si vous travaillez au Grand-Duch\u00e9, sachez que cette formation en langue luxembourgeoise donne droit au cong\u00e9 d\u2019\u00e9ducation. Vous ne perdrez donc pas vos jours de cong\u00e9 !<\/strong><\/p>\n\n\n\n<p>Le paiement est d\u00fb \u00e0 l\u2019inscription, faute de quoi, votre place ne peut \u00eatre r\u00e9serv\u00e9e.<\/p>\n\n\n\n<p>Afin de profiter pleinement d\u2019une formation intensive, nous vous recommandons de :<\/p>\n\n\n\n<ol><li>prendre cong\u00e9 ou en tout cas, \u00eatre tr\u00e8s disponible pendant les semaines de cours&nbsp;<\/li><\/ol>\n\n\n\n<p>Des cours intensifs ne sont pas compatibles avec un travail durant la m\u00eame p\u00e9riode, car ils demandent une grande concentration. Afin d\u2019\u00eatre dans les meilleures dispositions, mieux vaut \u00e9galement veiller \u00e0 avoir une bonne hygi\u00e8ne de vie durant cette p\u00e9riode.<\/p>\n\n\n\n<ol><li>\u00catre pr\u00eat \u00e0 fournir un travail personnel r\u00e9gulier<\/li><\/ol>\n\n\n\n<p>Un travail personnel (en plus des cours) estim\u00e9 \u00e0 1 heure par jour (variable d\u2019une personne \u00e0 l\u2019autre) sera n\u00e9cessaire pour bien assimiler la mati\u00e8re et renforcer les acquis. Il s\u2019agit principalement d\u2019apprendre le vocabulaire. Sans cet investissement, les r\u00e9sultats risquent de ne pas \u00eatre au rendez-vous.&nbsp;<\/p>\n\n\n\n<ol><li>Mettre \u00e0 profit son temps libre pour s\u2019immerger dans la langue<\/li><\/ol>\n\n\n\n<p>Votre travail sur la langue sera d\u2019autant plus efficace, si vous entendez et devez pratiquer la langue quotidiennement. Pr\u00e9voyez donc vos sorties au Luxembourg (faire des achats au march\u00e9 ou au supermarch\u00e9, pr\u00e9voir des sorties\/visites guid\u00e9es, faire du sport, etc.). &nbsp;Publi\u00e9 par<a href=\"http:\/\/www.communiquersansfrontieres.com\/?author=2\">Nadia Zimmer<\/a><a href=\"http:\/\/www.communiquersansfrontieres.com\/?p=159\"><time datetime=\"2018-04-10T17:13:26+01:00\">10 avril 2018<\/time>Publi\u00e9 dans<\/a><a href=\"http:\/\/www.communiquersansfrontieres.com\/?cat=1\">Non class\u00e9<\/a><\/p>\n\n\n\n<h2 class=\"wp-block-heading\"><a href=\"http:\/\/www.communiquersansfrontieres.com\/?p=150\">rentr\u00e9e septembre 2017 \u2013 les inscriptions sont ouvertes !<\/a><\/h2>\n\n\n\n<p><strong><em>D\u00e9but des cours&nbsp;:&nbsp;&nbsp;&nbsp;&nbsp;<\/em><\/strong><strong><em>vendredi 15 septembre 2017<\/em><\/strong><\/p>\n\n\n\n<p><strong><em>Cours pour les adultes:<\/em><\/strong><\/p>\n\n\n\n<p>luxembourgeois &nbsp;&nbsp;&nbsp;&nbsp;&nbsp;&nbsp;&nbsp;&nbsp; A1 (d\u00e9butant) &nbsp; &nbsp; &nbsp; &nbsp; &nbsp; &nbsp; &nbsp; &nbsp; &nbsp; &nbsp;lundi et jeudi de 18h30 \u00e0 19h10<br>luxembourgeois&nbsp;&nbsp;&nbsp;&nbsp;&nbsp;&nbsp;&nbsp;&nbsp;&nbsp; A1 (d\u00e9butant)&nbsp;&nbsp;&nbsp;&nbsp;&nbsp;&nbsp;&nbsp;&nbsp;&nbsp;&nbsp;&nbsp;&nbsp;&nbsp;&nbsp;&nbsp;&nbsp;&nbsp;&nbsp;&nbsp;&nbsp;jeudi 10h00 \u00e0 11h00<br>luxembourgeois&nbsp;&nbsp;&nbsp;&nbsp;&nbsp;&nbsp;&nbsp;&nbsp;&nbsp; A1.2 (2<sup>\u00e8me<\/sup>&nbsp;ann\u00e9e)&nbsp;&nbsp;&nbsp;&nbsp;&nbsp;&nbsp;&nbsp;&nbsp;&nbsp;&nbsp;&nbsp;jeudi 9h00 \u00e0 10h00<br>luxembourgeois&nbsp;&nbsp;&nbsp;&nbsp;&nbsp;&nbsp;&nbsp;&nbsp;&nbsp; A2 (2<sup>\u00e8me&nbsp;<\/sup>ann\u00e9e)&nbsp;&nbsp;&nbsp;&nbsp;&nbsp;&nbsp;&nbsp;&nbsp;&nbsp;&nbsp;&nbsp;&nbsp;&nbsp;&nbsp;lundi 19h15 \u00e0 20h15<br>luxembourgeois &nbsp;&nbsp;&nbsp;&nbsp;&nbsp;&nbsp;&nbsp;&nbsp; A2.2 (3<sup>\u00e8me<\/sup>&nbsp;ann\u00e9e)&nbsp;&nbsp;&nbsp;&nbsp;&nbsp;&nbsp;&nbsp;&nbsp;&nbsp;&nbsp;&nbsp;mardi de 18h30 \u00e0 19h30<br>luxembourgeois &nbsp;&nbsp;&nbsp;&nbsp;&nbsp;&nbsp;&nbsp;&nbsp; B1.2 (3<sup>\u00e8me<\/sup>&nbsp;ann\u00e9e)&nbsp;&nbsp;&nbsp;&nbsp;&nbsp;&nbsp;&nbsp;&nbsp;&nbsp;&nbsp;&nbsp;mercredi de 19h00 \u00e0 20h00<br>luxembourgeois&nbsp;&nbsp;&nbsp;&nbsp;&nbsp;&nbsp;&nbsp;&nbsp;&nbsp; B2 (4<sup>\u00e8me<\/sup>&nbsp;ann\u00e9e)&nbsp;&nbsp;&nbsp;&nbsp;&nbsp;&nbsp;&nbsp;&nbsp;&nbsp;&nbsp;&nbsp;&nbsp;&nbsp;&nbsp;jeudi 19h15 \u00e0 20h15<\/p>\n\n\n\n<p>Une r\u00e9union d\u2019information et d\u2019inscription aura lieu&nbsp;le<\/p>\n\n\n\n<p><strong>mardi 5 septembre&nbsp;\u00e0 20 heures<\/strong><\/p>\n\n\n\n<p>Les cours d\u2019allemand sont suspendus faute de participants en nombre suffisant.<\/p>\n\n\n\n<p>Des cours individuels, ponctuels, de remise \u00e0 niveau, pr\u00e9paration aux certifications officielles sont possibles sur rendez-vous.<\/p>\n\n\n\n<p><strong><em>Tarifs\/Paiement<\/em><\/strong><\/p>\n\n\n\n<p>Cours de 1 heure par semaine&nbsp;: 480 \u20ac par an, soit 160 \u20ac par trimestre<br>Cours de 80 minutes par semaine&nbsp;: 585 \u20ac par an, soit 195 \u20ac par trimestrePubli\u00e9 par<a href=\"http:\/\/www.communiquersansfrontieres.com\/?author=2\">Nadia Zimmer<\/a><a href=\"http:\/\/www.communiquersansfrontieres.com\/?p=150\"><time datetime=\"2017-07-06T21:22:31+01:00\">6 juillet 2017<\/time>Publi\u00e9 dans<\/a><a href=\"http:\/\/www.communiquersansfrontieres.com\/?cat=1\">Non class\u00e9<\/a><\/p>\n\n\n\n<h2 class=\"wp-block-heading\"><a href=\"http:\/\/www.communiquersansfrontieres.com\/?p=139\">cours intensifs juillet 2017 \u2013 les inscriptions sont ouvertes !<\/a><\/h2>\n\n\n\n<p><strong>Cours intensifs d\u2019\u00e9t\u00e9&nbsp;: LUXEMBOURGEOIS<\/strong><\/p>\n\n\n\n<p>Du 3 au 14 juillet 2017<\/p>\n\n\n\n<p><strong>OBJECTIF<\/strong><\/p>\n\n\n\n<ul><li>atteindre le niveau A1 (programme officiel) en deux semaines de travail intensif<\/li><li>\u00eatre capable d\u2019\u00e9changer en luxembourgeois sur des phrases simples de la vie courante<\/li><li>facultativement, s\u2019inscrire directement au cours de 2<sup>\u00e8me<\/sup>&nbsp;ann\u00e9e (\u00e0 la rentr\u00e9e de septembre 2016)<\/li><\/ul>\n\n\n\n<p><strong>MODALITES<\/strong><\/p>\n\n\n\n<ul><li>2 semaines de formation du 3 au 14 juillet 2017<\/li><li>du lundi au vendredi de 8h40 \u00e0 16h00 (pauses incluses),<\/li><li>la formation compl\u00e8te comprend 50 heures de formation<\/li><li>formation en petit groupe de maximum 8 personnes<\/li><li>prix&nbsp;de la formation&nbsp;: 570 \u20ac<\/li><li>une attestation vous sera remise en fin de formation<\/li><\/ul>\n\n\n\n<p><strong>Mat\u00e9riel&nbsp;n\u00e9cessaire :<\/strong><\/p>\n\n\n\n<ul><li>manuel \u00ab&nbsp;Schw\u00e4tzt Dir l\u00ebtzebuergesch?&nbsp;\u00bb (\u00e0 acheter sur place si besoin)<\/li><li>une&nbsp;<em>Lernbox&nbsp;<\/em>(fournie)<\/li><li>prononciation&nbsp;: classeur souple, polycopi\u00e9s et audios de prononciation (fournis)<\/li><li>un moyen d\u2019\u00e9couter des audios, p.ex. lecteur mp3, t\u00e9l\u00e9phone portable, tablette ou ordinateur portable et un casque (fourni sur demande \u00e0 l\u2019avance)<\/li><\/ul>\n\n\n\n<p>Vous pouvez t\u00e9l\u00e9charger ici le formulaire d&rsquo;inscription :&nbsp;<a href=\"http:\/\/www.communiquersansfrontieres.com\/wp-content\/uploads\/2017\/03\/formulaire-dinscription.pdf\">formulaire d&rsquo;inscription<\/a><\/p>\n\n\n\n<p><strong>PROGRAMME<\/strong><\/p>\n\n\n\n<p><strong>1<sup>\u00e8re<\/sup>&nbsp;semaine<\/strong><\/p>\n\n\n\n<figure class=\"wp-block-table\"><table><tbody><tr><td><strong>Langage&nbsp;<\/strong><\/td><td><strong>Contenu et grammaire<\/strong><\/td><td><strong>comp\u00e9tence<\/strong><\/td><\/tr><tr><td>Prononciation<\/td><td>Les sonsLa rythmique de la langue<\/td><td>Comprendre comment sont form\u00e9s les sons et prononcer correctement<\/td><\/tr><tr><td>Bonjour&nbsp;! Aurevoir&nbsp;! (variantes)Comment allez-vous&nbsp;?<\/td><td>Verbe \u00eatreLes articles d\u00e9finis<\/td><td>SaluerTutoyer et vouvoyer<\/td><\/tr><tr><td>Qui est-ce&nbsp;?D\u2019o\u00f9 venez-vous&nbsp;?O\u00f9 habitez-vous&nbsp;?Quelles langues parlez-vous&nbsp;?<\/td><td>Pays, langues, nationalit\u00e9sCouleursL\u2019alphabetVerbe habiter et venir<\/td><td>Se pr\u00e9senter et parler de soiEpelerPoser des questions et r\u00e9pondre (affirmatif et n\u00e9gatif)<\/td><\/tr><tr><td>Quel est votre num\u00e9ro de t\u00e9l\u00e9phone&nbsp;?<\/td><td>Chiffres cardinaux<\/td><td>Savoir compterDonner un num\u00e9ro de t\u00e9l\u00e9phone<\/td><\/tr><tr><td>Etes-vous mari\u00e9&nbsp;?Quelle est votre situation familiale&nbsp;?<\/td><td>Vocabulaire sp\u00e9cifique de la situation familiale<\/td><td>Verbe avoir<\/td><\/tr><tr><td>Comment dit-on&nbsp;\u2026&nbsp;?<\/td><td>Adjectifs&nbsp;<\/td><td>D\u00e9crire une personne et un objetD\u00e9crire le mot qui me manque<\/td><\/tr><\/tbody><\/table><\/figure>\n\n\n\n<p><strong>2<sup>\u00e8me<\/sup>&nbsp;semaine<\/strong><\/p>\n\n\n\n<figure class=\"wp-block-table\"><table><tbody><tr><td><strong>Langage&nbsp;<\/strong><\/td><td><strong>Contenu<\/strong><\/td><td><strong>Grammaire et comp\u00e9tence<\/strong><\/td><\/tr><tr><td>Quel est votre m\u00e9tier&nbsp;?&nbsp;<\/td><td>M\u00e9tiers, activit\u00e9s professionnelles<\/td><td>Masculin et f\u00e9minin dans les m\u00e9tiersVerbe r\u00e9gulier travailler<\/td><\/tr><tr><td>O\u00f9 travaillez-vous&nbsp;?<\/td><td>Lieux de travail<\/td><td>Pr\u00e9positionsArticles ind\u00e9finis d\u00e9clin\u00e9s en&nbsp;<em>Dativ<\/em><\/td><\/tr><tr><td>Comment allez-vous travailler&nbsp;?<\/td><td>Moyens de transport<\/td><td>Pr\u00e9positionsArticles d\u00e9finis d\u00e9clin\u00e9s en&nbsp;<em>Dativ<\/em>Verbe irr\u00e9gulier aller, rouler<\/td><\/tr><tr><td>Quelle est votre date de naissance&nbsp;?<\/td><td>Chiffres ordinauxLes saisons, mois, ann\u00e9es<\/td><td>Parler d\u2019anniversaires, de dates, de f\u00eates et jours f\u00e9ri\u00e9s<\/td><\/tr><tr><td>Quelle heure est-il&nbsp;?Quand travaillez-vous&nbsp;?&nbsp;<\/td><td>Heure, moments de la journ\u00e9e, jours de la semaineDe \u2026 \u00e0 \u2026<\/td><td>Donner l\u2019heurePrendre un rendez-vous&nbsp;<\/td><\/tr><tr><td>Quels sont vos loisirs&nbsp;?<\/td><td>Les activit\u00e9s de loisir<\/td><td>Parler de ses loisirs<\/td><\/tr><tr><td>Qu\u2019aimez-vous faire&nbsp;?Comment et \u00e0 quelle fr\u00e9quence le faites-vous&nbsp;?<\/td><td>Aimer, ne pas aimerFr\u00e9quence (jamais \u00e0 toujours)Verbes faire, boire, manger<\/td><td>Exprimer ce qu\u2019on aime ou pas&nbsp;<\/td><\/tr><tr><td>Que faites-vous ce weekend&nbsp;?Que faites-vous en vacances&nbsp;?<\/td><td>M\u00e9t\u00e9o&nbsp;<\/td><td>Parler du d\u00e9roulement d\u2019une journ\u00e9e<\/td><\/tr><\/tbody><\/table><\/figure>\n\n\n\n<p><strong><em>Informations importantes et recommandations<\/em><\/strong><\/p>\n\n\n\n<p><strong>Si vous travaillez au Grand-Duch\u00e9, sachez que cette formation en langue luxembourgeoise donne droit au cong\u00e9 d\u2019\u00e9ducation. Vous ne perdrez donc pas vos jours de cong\u00e9 !<\/strong><\/p>\n\n\n\n<p>Le paiement est d\u00fb \u00e0 l\u2019inscription, faute de quoi, votre place ne peut \u00eatre r\u00e9serv\u00e9e.<\/p>\n\n\n\n<p>Afin de profiter pleinement d\u2019une formation intensive, nous vous recommandons de :<\/p>\n\n\n\n<ol><li>prendre cong\u00e9 ou en tout cas, \u00eatre tr\u00e8s disponible pendant les semaines de cours&nbsp;<\/li><\/ol>\n\n\n\n<p>Des cours intensifs ne sont pas compatibles avec un travail durant la m\u00eame p\u00e9riode, car ils demandent une grande concentration. Afin d\u2019\u00eatre dans les meilleures dispositions, mieux vaut \u00e9galement veiller \u00e0 avoir une bonne hygi\u00e8ne de vie durant cette p\u00e9riode.<\/p>\n\n\n\n<ol><li>\u00catre pr\u00eat \u00e0 fournir un travail personnel r\u00e9gulier<\/li><\/ol>\n\n\n\n<p>Un travail personnel (en plus des cours) estim\u00e9 \u00e0 1 heure par jour (variable d\u2019une personne \u00e0 l\u2019autre) sera n\u00e9cessaire pour bien assimiler la mati\u00e8re et renforcer les acquis. Il s\u2019agit principalement d\u2019apprendre le vocabulaire. Sans cet investissement, les r\u00e9sultats risquent de ne pas \u00eatre au rendez-vous.&nbsp;<\/p>\n\n\n\n<ol><li>Mettre \u00e0 profit son temps libre pour s\u2019immerger dans la langue<\/li><\/ol>\n\n\n\n<p>Votre travail sur la langue sera d\u2019autant plus efficace, si vous entendez et devez pratiquer la langue quotidiennement. Pr\u00e9voyez donc vos sorties au Luxembourg (faire des achats au march\u00e9 ou au supermarch\u00e9, pr\u00e9voir des sorties\/visites guid\u00e9es, faire du sport, etc.). &nbsp;Publi\u00e9 par<a href=\"http:\/\/www.communiquersansfrontieres.com\/?author=2\">Nadia Zimmer<\/a><a href=\"http:\/\/www.communiquersansfrontieres.com\/?p=139\"><time datetime=\"2017-03-07T21:15:33+01:00\">7 mars 2017<\/time>Publi\u00e9 dans<\/a><a href=\"http:\/\/www.communiquersansfrontieres.com\/?cat=1\">Non class\u00e9<\/a><\/p>\n\n\n\n<h2 class=\"wp-block-heading\"><a href=\"http:\/\/www.communiquersansfrontieres.com\/?p=122\">exceptionnellement: cours gratuits d\u2019italien !<\/a><\/h2>\n\n\n\n<h2 class=\"wp-block-heading\">Du 9 au 30 ao\u00fbt 2016 : venez apprendre les bases en langue italienne !<\/h2>\n\n\n\n<p>Afin d&rsquo;aider un \u00e9tudiant en cours de formation d&rsquo;enseignant, je mets mon local \u00e0 disposition ce mois d&rsquo;ao\u00fbt. La formation est donc totalement gratuite ! Ceci dit, si le cours vous pla\u00eet, n^h\u00e9sitez pas \u00e0 mettre une pi\u00e8ce ou deux dans le cochon \u00e0 dons sur la table, sachant que chaque euro donn\u00e9 sera biens\u00fbr pour lui.<\/p>\n\n\n\n<p>Voici son affiche de renseignement ainsi que la fiche d&rsquo;inscription :<\/p>\n\n\n\n<p><a href=\"http:\/\/www.communiquersansfrontieres.com\/wp-content\/uploads\/2016\/07\/affiche-Alessio-explicative-2016.docx\">affiche Alessio explicative 2016<\/a>&nbsp;<a href=\"http:\/\/www.communiquersansfrontieres.com\/wp-content\/uploads\/2016\/07\/formulaire-dinscription-Alessio.docx\">formulaire d&rsquo;inscription Alessio<\/a>Publi\u00e9 par<a href=\"http:\/\/www.communiquersansfrontieres.com\/?author=2\">Nadia Zimmer<\/a><a href=\"http:\/\/www.communiquersansfrontieres.com\/?p=122\"><time datetime=\"2016-07-29T14:50:42+01:00\">29 juillet 2016<\/time>Publi\u00e9 dans<\/a><a href=\"http:\/\/www.communiquersansfrontieres.com\/?cat=1\">Non class\u00e9<\/a><\/p>\n\n\n\n<h2 class=\"wp-block-heading\"><a href=\"http:\/\/www.communiquersansfrontieres.com\/?p=110\">Rentr\u00e9e de septembre 2016 : les inscriptions sont ouvertes<\/a><\/h2>\n\n\n\n<p><br><strong><em>D\u00e9but des cours<\/em><\/strong>&nbsp;:&nbsp;&nbsp; jeudi 11 septembre 2016<\/p>\n\n\n\n<p><strong><em>Cours pour les adultes:<\/em><\/strong><\/p>\n\n\n\n<p>luxembourgeois &nbsp; &nbsp; &nbsp; &nbsp;A1 (d\u00e9butant) &nbsp; &nbsp; &nbsp; &nbsp; &nbsp; &nbsp; &nbsp; lundi et jeudi de 18h30 \u00e0 19h10<br>luxembourgeois &nbsp; &nbsp; &nbsp; &nbsp;A1 (d\u00e9butant) &nbsp; &nbsp; &nbsp; &nbsp; &nbsp; &nbsp; &nbsp; jeudi 10h00 \u00e0 11h00<br>luxembourgeois &nbsp; &nbsp; &nbsp; &nbsp;A2 (2<sup>\u00e8me<\/sup>&nbsp;ann\u00e9e) &nbsp; &nbsp; &nbsp; &nbsp;&nbsp;mardi de 18h30 \u00e0 19h30<br>luxembourgeois &nbsp; &nbsp; &nbsp; &nbsp;B1 (3<sup>\u00e8me<\/sup>&nbsp;ann\u00e9e) &nbsp; &nbsp; &nbsp; &nbsp;&nbsp;mercredi de 19h00 \u00e0 20h00<br>luxembourgeois &nbsp; &nbsp; &nbsp; &nbsp;B1\/B2 (4<sup>\u00e8me<\/sup>&nbsp;ann\u00e9e) &nbsp; &nbsp;mardi de 19h30 \u00e0 20h30<\/p>\n\n\n\n<p>Les cours d\u2019allemand sont suspendus faute de participants en nombre suffisant. Si ces cours vous int\u00e9ressent, n\u2019h\u00e9sitez pas \u00e0 nous le faire savoir&nbsp;!<\/p>\n\n\n\n<p>Des cours individuels, ponctuels, de remise \u00e0 niveau, pr\u00e9paration aux certifications officielles sont possibles sur rendez-vous.<\/p>\n\n\n\n<p><strong>Une r\u00e9union d\u2019information et d\u2019inscription aura lieu le<\/strong><\/p>\n\n\n\n<p><strong><u>vendredi 2 septembre&nbsp;\u00e0 20 heures<\/u><\/strong><\/p>\n\n\n\n<p><strong><em>Tarifs\/Paiement<\/em><\/strong><\/p>\n\n\n\n<p>Cours de 1 heure par semaine&nbsp;: 480 \u20ac par an, soit 160 \u20ac par trimestre<br>Cours de 80 minutes par semaine&nbsp;: 585 \u20ac par an, soit 195 \u20ac par trimestre<\/p>\n","protected":false},"excerpt":{"rendered":"<p>les inscriptions pour la rentr\u00e9e de septembre 2019 sont ouvertes ! D\u00e9but des cours&nbsp;:&nbsp;&nbsp;jeudi 19 septembre 2019 Cours pour adultes : luxembourgeois&nbsp;&nbsp;A1 (d\u00e9butant) &nbsp; &nbsp; &nbsp; &nbsp; &nbsp;8 personnes &nbsp; &nbsp;lundi et jeudi de 18h30 \u00e0 19h15 (2 fois 40min.)luxembourgeois&nbsp;&nbsp;A2 (2\u00e8me&nbsp;ann\u00e9e) &nbsp; &nbsp;6 personnes &nbsp; &nbsp;mercredi 19h15 \u00e0 20h15 (1h)luxembourgeois&nbsp;&nbsp;B1 (2\u00e8me&nbsp;ann\u00e9e) &nbsp; &nbsp;6 personnes &nbsp; [&hellip;]<\/p>\n","protected":false},"author":1,"featured_media":0,"comment_status":"open","ping_status":"open","sticky":false,"template":"","format":"standard","meta":{"footnotes":""},"categories":[1],"tags":[],"_links":{"self":[{"href":"https:\/\/www.luxschoul.lu\/index.php\/wp-json\/wp\/v2\/posts\/56"}],"collection":[{"href":"https:\/\/www.luxschoul.lu\/index.php\/wp-json\/wp\/v2\/posts"}],"about":[{"href":"https:\/\/www.luxschoul.lu\/index.php\/wp-json\/wp\/v2\/types\/post"}],"author":[{"embeddable":true,"href":"https:\/\/www.luxschoul.lu\/index.php\/wp-json\/wp\/v2\/users\/1"}],"replies":[{"embeddable":true,"href":"https:\/\/www.luxschoul.lu\/index.php\/wp-json\/wp\/v2\/comments?post=56"}],"version-history":[{"count":1,"href":"https:\/\/www.luxschoul.lu\/index.php\/wp-json\/wp\/v2\/posts\/56\/revisions"}],"predecessor-version":[{"id":57,"href":"https:\/\/www.luxschoul.lu\/index.php\/wp-json\/wp\/v2\/posts\/56\/revisions\/57"}],"wp:attachment":[{"href":"https:\/\/www.luxschoul.lu\/index.php\/wp-json\/wp\/v2\/media?parent=56"}],"wp:term":[{"taxonomy":"category","embeddable":true,"href":"https:\/\/www.luxschoul.lu\/index.php\/wp-json\/wp\/v2\/categories?post=56"},{"taxonomy":"post_tag","embeddable":true,"href":"https:\/\/www.luxschoul.lu\/index.php\/wp-json\/wp\/v2\/tags?post=56"}],"curies":[{"name":"wp","href":"https:\/\/api.w.org\/{rel}","templated":true}]}}